{"id":1015,"date":"2017-12-05T08:56:18","date_gmt":"2017-12-05T06:56:18","guid":{"rendered":"http:\/\/www.lpsarad.ro\/?p=1015"},"modified":"2018-06-14T10:19:31","modified_gmt":"2018-06-14T07:19:31","slug":"1-decembrie-simbolul-unitatii-nationale-romanesti","status":"publish","type":"post","link":"https:\/\/www.lpsarad.ro\/?p=1015","title":{"rendered":"1 Decembrie, simbolul unit\u0103\u021bii na\u021bionale rom\u00e2ne\u0219ti"},"content":{"rendered":"<p><a href=\"http:\/\/glsa.ro\/arad\/278803-ziua-de-1-decembrie-sarbatorita-la-lps-arad.html\">http:\/\/glsa.ro\/arad\/278803-ziua-de-1-decembrie-sarbatorita-la-lps-arad.html<\/a><\/p>\n<h3 class=\"entry-title\"><strong>Ziua de 1 Decembrie s\u0103rb\u0103torit\u0103 la LPS Arad<\/strong><\/h3>\n<p>La Liceul cu Program Sportiv Arad a avut loc, pe 29 noiembrie, o activitate cultural educativ\u0103 av\u00e2nd ca tem\u0103 \u201e1 Decembrie, simbolul unit\u0103\u021bii na\u021bionale rom\u00e2ne\u0219ti\u201d, coordonat\u0103 de profesorii Crina Dima, Alina V\u0103rcu\u0219, Loredana Buga, Ioana Duca \u0219i Diana Tomu\u021ba, \u00een care elevii \u0219colii s-au preg\u0103tit cu un moment de recit\u0103ri, c\u00e2ntece \u0219i lucrari plastice av\u00e2nd ca scop eviden\u021bierea spiritului autentic rom\u00e2nesc.<\/p>\n<p>Reu\u0219ita programului s-a datorat implicarii acestora, dar mai mult dec\u00e2t at\u00e2t, a sim\u021birii sentimentului pur rom\u00e2nesc. At\u00e2t cadrele didactice, c\u00e2t \u0219i unii elevii au venit \u00eembr\u0103ca\u021bi \u00een ie sau cu cocarde tricolore \u00een piept. De men\u021bionat c\u0103 \u00een organizarea \u0219i buna desf\u0103\u0219urare a acestei activita\u021bi s-au implicat \u0219i directorul Gheorghe Mandache, directorul adjunct Cristina Kuschausen \u0219i directorul educativ Lucia Bogdan. <strong><em>\u201e\u00cen ceea ce prive\u015fte percep\u0163ia pe care rom\u00e2nii de ast\u0103zi o au despre Ziua Na\u0163ional\u0103,\u00a0 \u021bine de fiecare genera\u0163ie care \u00ee\u015fi tr\u0103ie\u015fte timpul ei \u015fi are proiectele ei de viitor, \u00eens\u0103 \u00eentotdeauna proiectele de viitor ale fiec\u0103rei genera\u0163ii, indiferent de timpul ei istoric, depind foarte mult de trecutul acestei \u021b\u0103ri, a\u0219a cum \u0219i noi prin acest\u0103 mica implicare social \u2013 cultural\u0103 am\u00a0 \u00eencercat s\u0103 mi\u0219c\u0103m inimile celor prezen\u021bi\u201d<\/em><\/strong>, sus\u021bine prof. Crina Dima, una dintre organizatoarele evenimentului.<\/p>\n<p><a href=\"https:\/\/www.lpsarad.ro\/wp-content\/uploads\/2017\/12\/LPS1dec-1.jpg\"><img loading=\"lazy\" decoding=\"async\" class=\"size-full wp-image-1020 aligncenter\" src=\"https:\/\/www.lpsarad.ro\/wp-content\/uploads\/2017\/12\/LPS1dec-1.jpg\" alt=\"\" width=\"410\" height=\"308\" srcset=\"https:\/\/www.lpsarad.ro\/wp-content\/uploads\/2017\/12\/LPS1dec-1.jpg 410w, https:\/\/www.lpsarad.ro\/wp-content\/uploads\/2017\/12\/LPS1dec-1-300x225.jpg 300w\" sizes=\"auto, (max-width: 410px) 100vw, 410px\" \/><\/a><\/p>\n","protected":false},"excerpt":{"rendered":"<p>http:\/\/glsa.ro\/arad\/278803-ziua-de-1-decembrie-sarbatorita-la-lps-arad.html Ziua de 1 Decembrie s\u0103rb\u0103torit\u0103 la LPS Arad La Liceul cu Program Sportiv Arad a avut loc, pe 29 noiembrie, o activitate cultural educativ\u0103 av\u00e2nd ca tem\u0103 \u201e1 Decembrie, simbolul unit\u0103\u021bii na\u021bionale rom\u00e2ne\u0219ti\u201d, coordonat\u0103 de profesorii Crina Dima, Alina &hellip; <a href=\"https:\/\/www.lpsarad.ro\/?p=1015\">Continu\u0103 s\u0103 cite\u0219ti <span class=\"meta-nav\">&rarr;<\/span><\/a><\/p>\n","protected":false},"author":1,"featured_media":0,"comment_status":"closed","ping_status":"closed","sticky":false,"template":"","format":"standard","meta":{"footnotes":""},"categories":[1],"tags":[],"class_list":["post-1015","post","type-post","status-publish","format-standard","hentry","category-anunturi"],"_links":{"self":[{"href":"https:\/\/www.lpsarad.ro\/index.php?rest_route=\/wp\/v2\/posts\/1015","targetHints":{"allow":["GET"]}}],"collection":[{"href":"https:\/\/www.lpsarad.ro\/index.php?rest_route=\/wp\/v2\/posts"}],"about":[{"href":"https:\/\/www.lpsarad.ro\/index.php?rest_route=\/wp\/v2\/types\/post"}],"author":[{"embeddable":true,"href":"https:\/\/www.lpsarad.ro\/index.php?rest_route=\/wp\/v2\/users\/1"}],"replies":[{"embeddable":true,"href":"https:\/\/www.lpsarad.ro\/index.php?rest_route=%2Fwp%2Fv2%2Fcomments&post=1015"}],"version-history":[{"count":8,"href":"https:\/\/www.lpsarad.ro\/index.php?rest_route=\/wp\/v2\/posts\/1015\/revisions"}],"predecessor-version":[{"id":1456,"href":"https:\/\/www.lpsarad.ro\/index.php?rest_route=\/wp\/v2\/posts\/1015\/revisions\/1456"}],"wp:attachment":[{"href":"https:\/\/www.lpsarad.ro\/index.php?rest_route=%2Fwp%2Fv2%2Fmedia&parent=1015"}],"wp:term":[{"taxonomy":"category","embeddable":true,"href":"https:\/\/www.lpsarad.ro\/index.php?rest_route=%2Fwp%2Fv2%2Fcategories&post=1015"},{"taxonomy":"post_tag","embeddable":true,"href":"https:\/\/www.lpsarad.ro\/index.php?rest_route=%2Fwp%2Fv2%2Ftags&post=1015"}],"curies":[{"name":"wp","href":"https:\/\/api.w.org\/{rel}","templated":true}]}}