{"id":1700,"date":"2018-11-12T13:38:44","date_gmt":"2018-11-12T11:38:44","guid":{"rendered":"http:\/\/www.lpsarad.ro\/?p=1700"},"modified":"2018-11-12T13:38:44","modified_gmt":"2018-11-12T11:38:44","slug":"eleva-daria-feceu-premiata-la-concursul-national-de-literatura-si-jurnalism-sportiv","status":"publish","type":"post","link":"https:\/\/www.lpsarad.ro\/?p=1700","title":{"rendered":"Eleva Daria Feceu, premiat\u0103 la Concursul na\u021bional de literatur\u0103 \u0219i jurnalism sportiv"},"content":{"rendered":"<blockquote class=\"wp-embedded-content\" data-secret=\"PH0sNadaty\"><p><a href=\"https:\/\/specialarad.ro\/eleva-daria-feceu-premiata-la-concursul-national-de-literatura-si-jurnalism-sportiv\/\">Eleva Daria Feceu, premiat\u0103 la Concursul na\u021bional de literatur\u0103 \u0219i jurnalism sportiv<\/a><\/p><\/blockquote>\n<p><iframe loading=\"lazy\" class=\"wp-embedded-content\" sandbox=\"allow-scripts\" security=\"restricted\" style=\"position: absolute; visibility: hidden;\" title=\"&#8222;Eleva Daria Feceu, premiat\u0103 la Concursul na\u021bional de literatur\u0103 \u0219i jurnalism sportiv&#8221; &#8211; Special Arad \u00b7 ultimele \u0219tiri din Arad\" src=\"https:\/\/specialarad.ro\/eleva-daria-feceu-premiata-la-concursul-national-de-literatura-si-jurnalism-sportiv\/embed\/#?secret=pk7rHDov0A#?secret=PH0sNadaty\" data-secret=\"PH0sNadaty\" width=\"600\" height=\"338\" frameborder=\"0\" marginwidth=\"0\" marginheight=\"0\" scrolling=\"no\"><\/iframe><\/p>\n<p>Vineri, 9 noiembrie, a avut loc gala premiilor la Concursul na\u021bional de literatur\u0103 \u0219i jurnalism sportiv \u201eUn condei numit Fair-Play\u201d. Jude\u021bul nostru a fost reprezentat de 12 elevi, dar doar eleva Daria Feceu a fost premiat\u0103 la nivel na\u021bional. Eleva a fost \u00eenso\u021bit\u0103 la festivitatea de premiere de la Bucure\u0219ti de c\u0103tre doamna prof. coordonator K\u00f6r\u00f6si Ramona, de la Liceul cu Program Sportiv Arad.<\/p>\n<p>At\u00e2t doamna profesor, c\u00e2t \u0219i eleva Feceu Daria au fost premiate de Simona Am\u00e2nar.<\/p>\n<p>Concursul na\u021bional de literatur\u0103 \u0219i jurnalism sportiv \u201eUn condei numit Fair-Play\u201d s-a desf\u0103\u0219urat pe trei sec\u021biuni, fiecare sec\u021biune desf\u0103\u0219ur\u00e2ndu-se pe trei categorii de v\u00e2rst\u0103: poezie, proz\u0103\/ fic\u021biune \u0219i cronic\u0103\/ reportaj sportiv.<\/p>\n<p>Articolul scris de Daria, intitulat &#8222;Via\u021ba unui sportiv&#8221;, poate fi g\u0103sit\u00a0<a href=\"https:\/\/www.lpsarad.ro\/wp-content\/uploads\/2018\/11\/Articol_Eleva-Feceu-Daria-de-la-Liceul-cu-Program-Sportiv-Arad-premiat\u0103-de-Comitetul-Olimpic-\u0219i-Sportiv-Rom\u00e2n.pdf\" target=\"_blank\" rel=\"noopener\">AICI<\/a><\/p>\n<p><a href=\"https:\/\/www.lpsarad.ro\/wp-content\/uploads\/2018\/11\/33461a47-4332-4124-b80d-a35223cf5177.jpg\"><img loading=\"lazy\" decoding=\"async\" class=\"aligncenter wp-image-1698\" src=\"https:\/\/www.lpsarad.ro\/wp-content\/uploads\/2018\/11\/33461a47-4332-4124-b80d-a35223cf5177.jpg\" alt=\"\" width=\"400\" height=\"194\" srcset=\"https:\/\/www.lpsarad.ro\/wp-content\/uploads\/2018\/11\/33461a47-4332-4124-b80d-a35223cf5177.jpg 1599w, https:\/\/www.lpsarad.ro\/wp-content\/uploads\/2018\/11\/33461a47-4332-4124-b80d-a35223cf5177-300x146.jpg 300w, https:\/\/www.lpsarad.ro\/wp-content\/uploads\/2018\/11\/33461a47-4332-4124-b80d-a35223cf5177-768x373.jpg 768w, https:\/\/www.lpsarad.ro\/wp-content\/uploads\/2018\/11\/33461a47-4332-4124-b80d-a35223cf5177-1024x498.jpg 1024w\" sizes=\"auto, (max-width: 400px) 100vw, 400px\" \/><\/a> <a href=\"https:\/\/www.lpsarad.ro\/wp-content\/uploads\/2018\/11\/cosr_festivitate.jpg\"><img loading=\"lazy\" decoding=\"async\" class=\"aligncenter wp-image-1699\" src=\"https:\/\/www.lpsarad.ro\/wp-content\/uploads\/2018\/11\/cosr_festivitate.jpg\" alt=\"\" width=\"400\" height=\"340\" srcset=\"https:\/\/www.lpsarad.ro\/wp-content\/uploads\/2018\/11\/cosr_festivitate.jpg 686w, https:\/\/www.lpsarad.ro\/wp-content\/uploads\/2018\/11\/cosr_festivitate-300x255.jpg 300w\" sizes=\"auto, (max-width: 400px) 100vw, 400px\" \/><\/a><\/p>\n","protected":false},"excerpt":{"rendered":"<p>Eleva Daria Feceu, premiat\u0103 la Concursul na\u021bional de literatur\u0103 \u0219i jurnalism sportiv Vineri, 9 noiembrie, a avut loc gala premiilor la Concursul na\u021bional de literatur\u0103 \u0219i jurnalism sportiv \u201eUn condei numit Fair-Play\u201d. Jude\u021bul nostru a fost reprezentat de 12 elevi, &hellip; <a href=\"https:\/\/www.lpsarad.ro\/?p=1700\">Continu\u0103 s\u0103 cite\u0219ti <span class=\"meta-nav\">&rarr;<\/span><\/a><\/p>\n","protected":false},"author":1,"featured_media":0,"comment_status":"closed","ping_status":"closed","sticky":false,"template":"","format":"standard","meta":{"footnotes":""},"categories":[1],"tags":[],"class_list":["post-1700","post","type-post","status-publish","format-standard","hentry","category-anunturi"],"_links":{"self":[{"href":"https:\/\/www.lpsarad.ro\/index.php?rest_route=\/wp\/v2\/posts\/1700","targetHints":{"allow":["GET"]}}],"collection":[{"href":"https:\/\/www.lpsarad.ro\/index.php?rest_route=\/wp\/v2\/posts"}],"about":[{"href":"https:\/\/www.lpsarad.ro\/index.php?rest_route=\/wp\/v2\/types\/post"}],"author":[{"embeddable":true,"href":"https:\/\/www.lpsarad.ro\/index.php?rest_route=\/wp\/v2\/users\/1"}],"replies":[{"embeddable":true,"href":"https:\/\/www.lpsarad.ro\/index.php?rest_route=%2Fwp%2Fv2%2Fcomments&post=1700"}],"version-history":[{"count":1,"href":"https:\/\/www.lpsarad.ro\/index.php?rest_route=\/wp\/v2\/posts\/1700\/revisions"}],"predecessor-version":[{"id":1703,"href":"https:\/\/www.lpsarad.ro\/index.php?rest_route=\/wp\/v2\/posts\/1700\/revisions\/1703"}],"wp:attachment":[{"href":"https:\/\/www.lpsarad.ro\/index.php?rest_route=%2Fwp%2Fv2%2Fmedia&parent=1700"}],"wp:term":[{"taxonomy":"category","embeddable":true,"href":"https:\/\/www.lpsarad.ro\/index.php?rest_route=%2Fwp%2Fv2%2Fcategories&post=1700"},{"taxonomy":"post_tag","embeddable":true,"href":"https:\/\/www.lpsarad.ro\/index.php?rest_route=%2Fwp%2Fv2%2Ftags&post=1700"}],"curies":[{"name":"wp","href":"https:\/\/api.w.org\/{rel}","templated":true}]}}