{"id":5185,"date":"2025-11-27T08:21:10","date_gmt":"2025-11-27T06:21:10","guid":{"rendered":"https:\/\/www.lpsarad.ro\/?p=5185"},"modified":"2025-11-27T08:21:10","modified_gmt":"2025-11-27T06:21:10","slug":"campionatul-de-tenis-de-masa-al-personalului-din-invatamantul-aradean-2025","status":"publish","type":"post","link":"https:\/\/www.lpsarad.ro\/?p=5185","title":{"rendered":"Campionatul de tenis de mas\u0103 al personalului din \u00eenv\u0103\u021b\u0103m\u00e2ntul ar\u0103dean 2025"},"content":{"rendered":"\n<p>Miercuri, 26 noiembrie 2025, \u00een sala de sport a Universit\u0103\u021bii ,,Aurel Vlaicu\u201d din Arad, s-a desf\u0103\u0219urat edi\u021bia a VII-a a Campionatului de tenis de mas\u0103 al personalului din \u00eenv\u0103\u021b\u0103m\u00e2ntul ar\u0103dean. Colega noastr\u0103, prof. Mercea Adela, a ob\u021binut locul I.<\/p>\n\n\n\n<figure class=\"wp-block-image size-large\"><a href=\"https:\/\/www.lpsarad.ro\/wp-content\/uploads\/2025\/11\/Tenis-de-masa-Mercea-Adela.jpg\" target=\"_blank\" rel=\" noreferrer noopener\"><img loading=\"lazy\" decoding=\"async\" width=\"973\" height=\"1024\" src=\"https:\/\/www.lpsarad.ro\/wp-content\/uploads\/2025\/11\/Tenis-de-masa-Mercea-Adela-973x1024.jpg\" alt=\"\" class=\"wp-image-5186\" srcset=\"https:\/\/www.lpsarad.ro\/wp-content\/uploads\/2025\/11\/Tenis-de-masa-Mercea-Adela-973x1024.jpg 973w, https:\/\/www.lpsarad.ro\/wp-content\/uploads\/2025\/11\/Tenis-de-masa-Mercea-Adela-285x300.jpg 285w, https:\/\/www.lpsarad.ro\/wp-content\/uploads\/2025\/11\/Tenis-de-masa-Mercea-Adela-768x809.jpg 768w, https:\/\/www.lpsarad.ro\/wp-content\/uploads\/2025\/11\/Tenis-de-masa-Mercea-Adela-1459x1536.jpg 1459w, https:\/\/www.lpsarad.ro\/wp-content\/uploads\/2025\/11\/Tenis-de-masa-Mercea-Adela.jpg 1536w\" sizes=\"auto, (max-width: 973px) 100vw, 973px\" \/><\/a><\/figure>\n","protected":false},"excerpt":{"rendered":"<p>Miercuri, 26 noiembrie 2025, \u00een sala de sport a Universit\u0103\u021bii ,,Aurel Vlaicu\u201d din Arad, s-a desf\u0103\u0219urat edi\u021bia a VII-a a Campionatului de tenis de mas\u0103 al personalului din \u00eenv\u0103\u021b\u0103m\u00e2ntul ar\u0103dean. Colega noastr\u0103, prof. Mercea Adela, a ob\u021binut locul I.<\/p>\n","protected":false},"author":1,"featured_media":0,"comment_status":"closed","ping_status":"closed","sticky":false,"template":"","format":"standard","meta":{"footnotes":""},"categories":[22],"tags":[],"class_list":["post-5185","post","type-post","status-publish","format-standard","hentry","category-competitii"],"_links":{"self":[{"href":"https:\/\/www.lpsarad.ro\/index.php?rest_route=\/wp\/v2\/posts\/5185","targetHints":{"allow":["GET"]}}],"collection":[{"href":"https:\/\/www.lpsarad.ro\/index.php?rest_route=\/wp\/v2\/posts"}],"about":[{"href":"https:\/\/www.lpsarad.ro\/index.php?rest_route=\/wp\/v2\/types\/post"}],"author":[{"embeddable":true,"href":"https:\/\/www.lpsarad.ro\/index.php?rest_route=\/wp\/v2\/users\/1"}],"replies":[{"embeddable":true,"href":"https:\/\/www.lpsarad.ro\/index.php?rest_route=%2Fwp%2Fv2%2Fcomments&post=5185"}],"version-history":[{"count":1,"href":"https:\/\/www.lpsarad.ro\/index.php?rest_route=\/wp\/v2\/posts\/5185\/revisions"}],"predecessor-version":[{"id":5187,"href":"https:\/\/www.lpsarad.ro\/index.php?rest_route=\/wp\/v2\/posts\/5185\/revisions\/5187"}],"wp:attachment":[{"href":"https:\/\/www.lpsarad.ro\/index.php?rest_route=%2Fwp%2Fv2%2Fmedia&parent=5185"}],"wp:term":[{"taxonomy":"category","embeddable":true,"href":"https:\/\/www.lpsarad.ro\/index.php?rest_route=%2Fwp%2Fv2%2Fcategories&post=5185"},{"taxonomy":"post_tag","embeddable":true,"href":"https:\/\/www.lpsarad.ro\/index.php?rest_route=%2Fwp%2Fv2%2Ftags&post=5185"}],"curies":[{"name":"wp","href":"https:\/\/api.w.org\/{rel}","templated":true}]}}