{"id":533,"date":"2015-11-23T11:43:46","date_gmt":"2015-11-23T09:43:46","guid":{"rendered":"http:\/\/www.lpsarad.ro\/?p=533"},"modified":"2018-06-14T10:22:50","modified_gmt":"2018-06-14T07:22:50","slug":"ziua-educatie-la-sportiv","status":"publish","type":"post","link":"https:\/\/www.lpsarad.ro\/?p=533","title":{"rendered":"Ziua educatiei la Sportiv"},"content":{"rendered":"<p><span style=\"text-decoration: underline;\"><strong><a href=\"http:\/\/glsa.ro\/arad\/213499-ziua-educatiei-la-liceul-sportiv.html\">http:\/\/glsa.ro\/arad\/213499-ziua-educatiei-la-liceul-sportiv.html<\/a><\/strong><\/span><\/p>\n<header class=\"entry-header\">\n<h1 class=\"entry-title\"><strong>Ziua Educa\u0163iei la Liceul Sportiv<\/strong><\/h1>\n<\/header>\n<div class=\"below-entry-meta\"><span class=\"posted-on\"><a title=\"14:43\" href=\"http:\/\/glsa.ro\/arad\/213499-ziua-educatiei-la-liceul-sportiv.html\" rel=\"bookmark\"><i class=\"fa fa-calendar-o\"><\/i> <time class=\"entry-date published\" datetime=\"2015-10-08T14:43:21+00:00\">8\/10\/15 | 14:43 pm<\/time><\/a><\/span> <span class=\"byline\"><span class=\"author vcard\"><i class=\"fa fa-user\"><\/i><a class=\"url fn n\" title=\"Adrian Cotuna\" href=\"http:\/\/glsa.ro\/arad\/author\/adrian_cotuna\">Adrian Cotuna<\/a><\/span><\/span> <span class=\"comments\"><a href=\"http:\/\/glsa.ro\/arad\/213499-ziua-educatiei-la-liceul-sportiv.html#disqus_thread\" data-disqus-identifier=\"213499 http:\/\/glsa.ro\/?p=213499\">0 comentarii<\/a><\/span><\/div>\n<div class=\"entry-content clearfix\">\n<p>De ziua educa\u021biei, luni 5 octombrie, \u00een Liceul cu Program Sportiv at\u00e2t elevii, c\u00e2t \u0219i dasc\u0103lii s-au bucurat de dezbateri. De asemenea, a mai avut loc premierea dasc\u0103lilor cu diplome hand-made \u0219i personalizate. Masa rotund\u0103 a discu\u021biilor pe tema educa\u021biei a scos la iveal\u0103 idei pline de consisten\u021b\u0103\u00a0 ale elevilor din clasa a IX-a A, coordona\u021bi de profesoara Crina Lazea. Ace\u0219tia au\u00a0 reusit s\u0103 subinieze faptul c\u0103 \u00a0educa\u021bia nu este numai practic\u0103, ci o minte bine educat\u0103, luminat\u0103, activ\u0103, capabil\u0103 s\u0103 hoin\u0103reasc\u0103 liber \u0219i mult, este una dintre bucuriile \u0219i recompensele existen\u021bei umane. La finalul dezbaterii ideile s-au reunit \u00eentr-o reu\u0219it\u0103 prezentare Power Point pe care au vizionat-o colegii din clasele gimnaziale \u00eenainte de activitatea de premiere a profesorilor.<\/p>\n<p>Astfel activitatea de premiere cu diplome confec\u021bionate \u00een manier\u0103 original\u0103 \u0219i plin\u0103 de drag a eleviilor din clasele gimnaziale, a fost coordonat\u0103 de profesoara Cristina Kuschausen. Acest moment\u00a0 s-a dovedit plin de emo\u021bie \u0219i bucurie pentru colegii dasc\u0103li.<\/p>\n<p><strong><em>\u201eTotodat\u0103, activitatea a fost colorat\u0103 de afi<\/em><\/strong><strong><em>\u0219<\/em><\/strong><strong><em>ul eleviilor din clasele a XII-a , sub coordonarea atent\u0103 <\/em><\/strong><strong><em>\u0219<\/em><\/strong><strong><em>i artistic\u0103 a profesoarei Nadina Szakacs. Ace<\/em><\/strong><strong><em>\u0219<\/em><\/strong><strong><em>tia au surprins at\u00e2t elementul informa\u0163ional, c\u00e2t <\/em><\/strong><strong><em>\u0219<\/em><\/strong><strong><em>i moral al importan<\/em><\/strong><strong><em>\u021b<\/em><\/strong><strong><em>ei\u00a0 educa\u0163iei \u00een via\u0163\u0103, acesta poate fi cel mai bine conturat prin citatul lui Platon E<\/em><\/strong><strong><em>duc<\/em><\/strong><strong><em>a\u0163<\/em><\/strong><strong><em>ia are drept scop s<\/em><\/strong><strong><em>\u0103<\/em><\/strong><strong><em> dea sufletului <\/em><\/strong><strong><em>\u015f<\/em><\/strong><strong><em>i corpului <\/em><\/strong><strong><em>\u00ee<\/em><\/strong><strong><em>ntreaga frumuse<\/em><\/strong><strong><em>\u0163<\/em><\/strong><strong><em>e si perfec<\/em><\/strong><strong><em>\u0163<\/em><\/strong><strong><em>iune\u201c, <\/em><\/strong>sus\u0163ine Crina Lazea<\/p>\n<\/div>\n<p><img decoding=\"async\" src=\"http:\/\/glsa.ro\/wp-content\/uploads\/2015\/10\/educatia-800x445.jpg\" alt=\"educatia\" \/><\/p>\n<p>&nbsp;<\/p>\n","protected":false},"excerpt":{"rendered":"<p>http:\/\/glsa.ro\/arad\/213499-ziua-educatiei-la-liceul-sportiv.html Ziua Educa\u0163iei la Liceul Sportiv 8\/10\/15 | 14:43 pm Adrian Cotuna 0 comentarii De ziua educa\u021biei, luni 5 octombrie, \u00een Liceul cu Program Sportiv at\u00e2t elevii, c\u00e2t \u0219i dasc\u0103lii s-au bucurat de dezbateri. De asemenea, a mai avut loc &hellip; <a href=\"https:\/\/www.lpsarad.ro\/?p=533\">Continu\u0103 s\u0103 cite\u0219ti <span class=\"meta-nav\">&rarr;<\/span><\/a><\/p>\n","protected":false},"author":1,"featured_media":0,"comment_status":"closed","ping_status":"closed","sticky":false,"template":"","format":"standard","meta":{"footnotes":""},"categories":[1],"tags":[],"class_list":["post-533","post","type-post","status-publish","format-standard","hentry","category-anunturi"],"_links":{"self":[{"href":"https:\/\/www.lpsarad.ro\/index.php?rest_route=\/wp\/v2\/posts\/533","targetHints":{"allow":["GET"]}}],"collection":[{"href":"https:\/\/www.lpsarad.ro\/index.php?rest_route=\/wp\/v2\/posts"}],"about":[{"href":"https:\/\/www.lpsarad.ro\/index.php?rest_route=\/wp\/v2\/types\/post"}],"author":[{"embeddable":true,"href":"https:\/\/www.lpsarad.ro\/index.php?rest_route=\/wp\/v2\/users\/1"}],"replies":[{"embeddable":true,"href":"https:\/\/www.lpsarad.ro\/index.php?rest_route=%2Fwp%2Fv2%2Fcomments&post=533"}],"version-history":[{"count":17,"href":"https:\/\/www.lpsarad.ro\/index.php?rest_route=\/wp\/v2\/posts\/533\/revisions"}],"predecessor-version":[{"id":1459,"href":"https:\/\/www.lpsarad.ro\/index.php?rest_route=\/wp\/v2\/posts\/533\/revisions\/1459"}],"wp:attachment":[{"href":"https:\/\/www.lpsarad.ro\/index.php?rest_route=%2Fwp%2Fv2%2Fmedia&parent=533"}],"wp:term":[{"taxonomy":"category","embeddable":true,"href":"https:\/\/www.lpsarad.ro\/index.php?rest_route=%2Fwp%2Fv2%2Fcategories&post=533"},{"taxonomy":"post_tag","embeddable":true,"href":"https:\/\/www.lpsarad.ro\/index.php?rest_route=%2Fwp%2Fv2%2Ftags&post=533"}],"curies":[{"name":"wp","href":"https:\/\/api.w.org\/{rel}","templated":true}]}}